
{"id":18284,"date":"2022-11-30T12:52:08","date_gmt":"2022-11-30T12:52:08","guid":{"rendered":"https:\/\/www.cnhv.net\/?p=18284"},"modified":"2022-11-30T12:55:10","modified_gmt":"2022-11-30T12:55:10","slug":"cnhv-con-la-vela-esport-blau-escolar","status":"publish","type":"post","link":"https:\/\/old.cnhv.net\/?p=18284","title":{"rendered":"CNHV con la Vela Esport Blau Escolar"},"content":{"rendered":"<p>&nbsp;<\/p>\n<table>\n<tbody>\n<tr>\n<td><a href=\"https:\/\/www.cnhv.net\/wp-content\/uploads\/2022\/11\/ajuntament-vandellos.jpeg\"><img decoding=\"async\" loading=\"lazy\" class=\"aligncenter size-large wp-image-18285\" src=\"https:\/\/www.cnhv.net\/wp-content\/uploads\/2022\/11\/ajuntament-vandellos-1024x723.jpeg\" alt=\"\" width=\"640\" height=\"452\" srcset=\"https:\/\/old.cnhv.net\/wp-content\/uploads\/2022\/11\/ajuntament-vandellos-1024x723.jpeg 1024w, https:\/\/old.cnhv.net\/wp-content\/uploads\/2022\/11\/ajuntament-vandellos-300x212.jpeg 300w, https:\/\/old.cnhv.net\/wp-content\/uploads\/2022\/11\/ajuntament-vandellos-768x542.jpeg 768w, https:\/\/old.cnhv.net\/wp-content\/uploads\/2022\/11\/ajuntament-vandellos-100x71.jpeg 100w\" sizes=\"(max-width: 640px) 100vw, 640px\" \/><\/a><\/td>\n<td><a href=\"https:\/\/www.cnhv.net\/wp-content\/uploads\/2022\/11\/ajuntament-vandellos-1.jpeg\"><img decoding=\"async\" loading=\"lazy\" class=\"aligncenter  wp-image-18286\" src=\"https:\/\/www.cnhv.net\/wp-content\/uploads\/2022\/11\/ajuntament-vandellos-1-1024x766.jpeg\" alt=\"\" width=\"593\" height=\"444\" srcset=\"https:\/\/old.cnhv.net\/wp-content\/uploads\/2022\/11\/ajuntament-vandellos-1-1024x766.jpeg 1024w, https:\/\/old.cnhv.net\/wp-content\/uploads\/2022\/11\/ajuntament-vandellos-1-300x224.jpeg 300w, https:\/\/old.cnhv.net\/wp-content\/uploads\/2022\/11\/ajuntament-vandellos-1-768x574.jpeg 768w, https:\/\/old.cnhv.net\/wp-content\/uploads\/2022\/11\/ajuntament-vandellos-1-100x75.jpeg 100w\" sizes=\"(max-width: 593px) 100vw, 593px\" \/><\/a><\/td>\n<\/tr>\n<\/tbody>\n<\/table>\n<p class=\"p2\"><span class=\"s1\">Gracias al acuerdo de colaboraci\u00f3n que han firmado el Ayuntamiento de Vandell\u00f2s y l&#8217;Hospitalet de l&#8217;Infant y el Club N\u00e1utic Hospitalet-Vandell\u00f2s, un total de 83 escolares del municipio navegar\u00e1n una vez a la semana, durante el \u00faltimo trimestre de este curso, desde las instalaciones del Club.<\/span><\/p>\n<p class=\"p2\"><span class=\"s1\">Estos alumnos de la Escuela Mistral de l&#8217;Hospitalet de l&#8217;Infant y de la Escuela Valdelors de Vandell\u00f2s participar\u00e1n en lo programa Deporte Azul Escolar, impulsado en 2017 por la Federaci\u00f3n Catalana de Vela, el Consejo Catal\u00e1n del Deporte, el departamento de Educaci\u00f3n y los Consejos Deportivos de Catalu\u00f1a, que tiene como objetivo aproximar y promover la vela entre el alumnado de 5.\u00ba de primaria de los centros educativos del litoral catal\u00e1n.<\/span><\/p>\n<p class=\"p2\"><span class=\"s1\">Este programa, pionero en el Estado espa\u00f1ol, combina educaci\u00f3n y deporte, y propone una actividad de formaci\u00f3n polideportiva en el deporte de la vela integrada dentro de la asignatura de Educaci\u00f3n F\u00edsica.<\/span><\/p>\n<p class=\"p2\"><span class=\"s1\">Los contenidos de los programa se centran en unos est\u00e1ndares del Sistema de Ense\u00f1anza Unificada. Estos se basan en tres niveles: B\u00e1sico, Mediano y Avanzado, m\u00e1s un nivel com\u00fan que incluye conceptos iguales a las cinco disciplinas: la vela ligera, el windsurf, el kitesurf, el pat\u00edn de vela y el crucero.<\/span><\/p>\n<p class=\"p2\"><span class=\"s1\">Consiste en 10 sesiones anuales, distribuidas en una primera sesi\u00f3n impartida en el centro educativo, 4 sesiones de vela ligera colectiva, 4 sesiones de vela ligera doble e individual y una \u00faltima sesi\u00f3n que consiste en una jornada final de cariz l\u00fadico competitivo.<\/span><\/p>\n<p class=\"p2\"><span class=\"s1\">Para implementar lo programa Esport Blau Escolar en el municipio, este mi\u00e9rcoles 23 de noviembre, el alcalde, Alfons Garcia; y el nuevo presidente del Club N\u00e1utic Hospitalet-Vandell\u00f2s, \u00d3scar Beltr\u00e1n, han firmado un convenio de colaboraci\u00f3n, por medio del cual el Ayuntamiento se ha comprometido a hacer una aportaci\u00f3n econ\u00f3mica de m\u00e1s de 2.000 euros al Club N\u00e1utico para ayudar a financiar la actividad y la adquisici\u00f3n de material. Este acuerdo har\u00e1 posible que este curso 2022\/2023 los 68 alumnos de 5.\u00ba&nbsp;de primaria de la Escuela Mestral de l&#8217;Hospitalet de l&#8217;Infant disfruten del placer de navegar.<\/span><\/p>\n<p class=\"p2\"><span class=\"s1\">La Escuela Valdelors de Vandell\u00f2s prefiere hacer las sesiones objeto de este convenio, con el alumnado de&nbsp; 5.\u00ba&nbsp;y 6.\u00ba&nbsp;de primaria conjuntamente, que van a la misma clase y son un grupo reducido (este curso son 15 ni\u00f1os y ni\u00f1as). Por lo tanto, este centro educativo del municipio volver\u00e1 a participar en el programa el curso 2024\/2025.<\/span><\/p>\n<p class=\"p2\"><span class=\"s1\">\u00abEn Vandell\u00f2s y l&#8217;Hospitalet de l&#8217;Infant tenemos un litoral que es id\u00f3neo para la pr\u00e1ctica deportiva y queremos que los deportes n\u00e1uticos se vean como una oportunidad al alcance de todo el mundo. Con la implementaci\u00f3n del programa Esport Blau Escolar este curso, por tercera vez en el municipio, habremos acercado el deporte de la vela a un total de 245 alumnos, desde el curso 2020\/2021\u00bb, ha explicado el regidor de Deportes, Diego Garc\u00eda.<\/span><\/p>\n<p class=\"p2\"><span class=\"s1\">Tal como consta en el convenio firmado, el Club N\u00e1utico tambi\u00e9n est\u00e1 interesado a llevar a cabo actividades destinadas a \u00abpromocionar la cultura del mar en general y el mundo de la vela en particular, teniendo como primer objetivo que los ni\u00f1os y j\u00f3venes, tanto en verano como durante el curso escolar practiquen deportes de vela\u00bb.&nbsp;<\/span><\/p>\n<p class=\"p2\"><span class=\"s1\">Ambas partes han valorado el hecho que este verano pasado se haya incrementado el n\u00famero de ni\u00f1os y j\u00f3venes inscritos a la oferta de cursos de vela del municipio.<\/span><\/p>\n<p>&nbsp;<\/p>","protected":false},"excerpt":{"rendered":"<p>Gracias al acuerdo de colaboraci\u00f3n que han firmado el Ayuntamiento de Vandell\u00f2s y l&#8217;Hospitalet de l&#8217;Infant y el Club N\u00e1utic Hospitalet-Vandell\u00f2s, un total de 83 escolares del municipio navegar\u00e1n&#8230;. <a href=\"https:\/\/old.cnhv.net\/?p=18284\" rel=\"bookmark\">more<\/a><\/p>\n","protected":false},"author":1,"featured_media":16894,"comment_status":"closed","ping_status":"closed","sticky":false,"template":"","format":"standard","meta":{"ngg_post_thumbnail":0},"categories":[1],"tags":[],"_links":{"self":[{"href":"https:\/\/old.cnhv.net\/index.php?rest_route=\/wp\/v2\/posts\/18284"}],"collection":[{"href":"https:\/\/old.cnhv.net\/index.php?rest_route=\/wp\/v2\/posts"}],"about":[{"href":"https:\/\/old.cnhv.net\/index.php?rest_route=\/wp\/v2\/types\/post"}],"author":[{"embeddable":true,"href":"https:\/\/old.cnhv.net\/index.php?rest_route=\/wp\/v2\/users\/1"}],"replies":[{"embeddable":true,"href":"https:\/\/old.cnhv.net\/index.php?rest_route=%2Fwp%2Fv2%2Fcomments&post=18284"}],"version-history":[{"count":2,"href":"https:\/\/old.cnhv.net\/index.php?rest_route=\/wp\/v2\/posts\/18284\/revisions"}],"predecessor-version":[{"id":18288,"href":"https:\/\/old.cnhv.net\/index.php?rest_route=\/wp\/v2\/posts\/18284\/revisions\/18288"}],"wp:featuredmedia":[{"embeddable":true,"href":"https:\/\/old.cnhv.net\/index.php?rest_route=\/wp\/v2\/media\/16894"}],"wp:attachment":[{"href":"https:\/\/old.cnhv.net\/index.php?rest_route=%2Fwp%2Fv2%2Fmedia&parent=18284"}],"wp:term":[{"taxonomy":"category","embeddable":true,"href":"https:\/\/old.cnhv.net\/index.php?rest_route=%2Fwp%2Fv2%2Fcategories&post=18284"},{"taxonomy":"post_tag","embeddable":true,"href":"https:\/\/old.cnhv.net\/index.php?rest_route=%2Fwp%2Fv2%2Ftags&post=18284"}],"curies":[{"name":"wp","href":"https:\/\/api.w.org\/{rel}","templated":true}]}}